{"id":485,"date":"2024-07-13T19:56:33","date_gmt":"2024-07-13T19:56:33","guid":{"rendered":"https:\/\/www.itvagricola.es\/?p=485"},"modified":"2024-07-16T16:07:40","modified_gmt":"2024-07-16T16:07:40","slug":"buenache-de-alarcon","status":"publish","type":"post","link":"http:\/\/www.itvagricola.es\/index.php\/2024\/07\/13\/buenache-de-alarcon\/","title":{"rendered":"Buenache de Alarc\u00f3n"},"content":{"rendered":"\n<p>1 de Agosto de 2024<\/p>\n\n\n\n<figure class=\"wp-block-image size-full\"><img loading=\"lazy\" decoding=\"async\" width=\"600\" height=\"684\" src=\"https:\/\/www.itvagricola.es\/wp-content\/uploads\/2024\/07\/12_BuenacheDeAlarcon.jpg\" alt=\"\" class=\"wp-image-486\" srcset=\"http:\/\/www.itvagricola.es\/wp-content\/uploads\/2024\/07\/12_BuenacheDeAlarcon.jpg 600w, http:\/\/www.itvagricola.es\/wp-content\/uploads\/2024\/07\/12_BuenacheDeAlarcon-263x300.jpg 263w\" sizes=\"auto, (max-width: 600px) 100vw, 600px\" \/><\/figure>\n\n\n\n<p>Inspecci\u00f3n ITEAF en Buenache de Alarc\u00f3n, el d\u00eda 1 de agosto de 2024.<\/p>\n\n\n\n<p><strong>Reserva tu hora.<\/strong><\/p>\n\n\n\n<p>SOLICITUD DE CITA PREVIA<\/p>\n","protected":false},"excerpt":{"rendered":"<p>1 de Agosto de 2024 Inspecci\u00f3n ITEAF en Buenache de Alarc\u00f3n, el d\u00eda 1 de agosto de 2024. Reserva tu hora. SOLICITUD DE CITA PREVIA<\/p>\n","protected":false},"author":2,"featured_media":490,"comment_status":"open","ping_status":"open","sticky":false,"template":"","format":"standard","meta":{"footnotes":""},"categories":[1],"tags":[],"class_list":{"0":"post-485","1":"post","2":"type-post","3":"status-publish","4":"format-standard","5":"has-post-thumbnail","7":"category-sin-categoria","8":"czr-hentry"},"yoast_head":"<!-- This site is optimized with the Yoast SEO plugin v26.6 - https:\/\/yoast.com\/wordpress\/plugins\/seo\/ -->\n<title>Buenache de Alarc\u00f3n - ITV agricola<\/title>\n<meta name=\"robots\" content=\"index, follow, max-snippet:-1, max-image-preview:large, max-video-preview:-1\" \/>\n<link rel=\"canonical\" href=\"http:\/\/www.itvagricola.es\/index.php\/2024\/07\/13\/buenache-de-alarcon\/\" \/>\n<meta property=\"og:locale\" content=\"es_ES\" \/>\n<meta property=\"og:type\" content=\"article\" \/>\n<meta property=\"og:title\" content=\"Buenache de Alarc\u00f3n - ITV agricola\" \/>\n<meta property=\"og:description\" content=\"1 de Agosto de 2024 Inspecci\u00f3n ITEAF en Buenache de Alarc\u00f3n, el d\u00eda 1 de agosto de 2024. Reserva tu hora. SOLICITUD DE CITA PREVIA\" \/>\n<meta property=\"og:url\" content=\"http:\/\/www.itvagricola.es\/index.php\/2024\/07\/13\/buenache-de-alarcon\/\" \/>\n<meta property=\"og:site_name\" content=\"ITV agricola\" \/>\n<meta property=\"article:publisher\" content=\"https:\/\/www.facebook.com\/profile.php?id=100067064354560&amp;locale=es_ES\" \/>\n<meta property=\"article:author\" content=\"https:\/\/www.facebook.com\/profile.php?id=100067064354560&amp;locale=es_ES\" \/>\n<meta property=\"article:published_time\" content=\"2024-07-13T19:56:33+00:00\" \/>\n<meta property=\"article:modified_time\" content=\"2024-07-16T16:07:40+00:00\" \/>\n<meta property=\"og:image\" content=\"http:\/\/www.itvagricola.es\/wp-content\/uploads\/2024\/07\/12_BuenacheDeAlarcon-1.jpg\" \/>\n\t<meta property=\"og:image:width\" content=\"600\" \/>\n\t<meta property=\"og:image:height\" content=\"684\" \/>\n\t<meta property=\"og:image:type\" content=\"image\/jpeg\" \/>\n<meta name=\"author\" content=\"luisAntonio torres\" \/>\n<meta name=\"twitter:card\" content=\"summary_large_image\" \/>\n<meta name=\"twitter:label1\" content=\"Escrito por\" \/>\n\t<meta name=\"twitter:data1\" content=\"luisAntonio torres\" \/>\n<script type=\"application\/ld+json\" class=\"yoast-schema-graph\">{\"@context\":\"https:\/\/schema.org\",\"@graph\":[{\"@type\":\"Article\",\"@id\":\"http:\/\/www.itvagricola.es\/index.php\/2024\/07\/13\/buenache-de-alarcon\/#article\",\"isPartOf\":{\"@id\":\"http:\/\/www.itvagricola.es\/index.php\/2024\/07\/13\/buenache-de-alarcon\/\"},\"author\":{\"name\":\"luisAntonio torres\",\"@id\":\"http:\/\/www.itvagricola.es\/#\/schema\/person\/dbad37a13afd623eb1a191ed7ca7de2f\"},\"headline\":\"Buenache de Alarc\u00f3n\",\"datePublished\":\"2024-07-13T19:56:33+00:00\",\"dateModified\":\"2024-07-16T16:07:40+00:00\",\"mainEntityOfPage\":{\"@id\":\"http:\/\/www.itvagricola.es\/index.php\/2024\/07\/13\/buenache-de-alarcon\/\"},\"wordCount\":28,\"commentCount\":0,\"publisher\":{\"@id\":\"http:\/\/www.itvagricola.es\/#\/schema\/person\/dbad37a13afd623eb1a191ed7ca7de2f\"},\"image\":{\"@id\":\"http:\/\/www.itvagricola.es\/index.php\/2024\/07\/13\/buenache-de-alarcon\/#primaryimage\"},\"thumbnailUrl\":\"http:\/\/www.itvagricola.es\/wp-content\/uploads\/2024\/07\/12_BuenacheDeAlarcon-1.jpg\",\"inLanguage\":\"es\",\"potentialAction\":[{\"@type\":\"CommentAction\",\"name\":\"Comment\",\"target\":[\"http:\/\/www.itvagricola.es\/index.php\/2024\/07\/13\/buenache-de-alarcon\/#respond\"]}]},{\"@type\":\"WebPage\",\"@id\":\"http:\/\/www.itvagricola.es\/index.php\/2024\/07\/13\/buenache-de-alarcon\/\",\"url\":\"http:\/\/www.itvagricola.es\/index.php\/2024\/07\/13\/buenache-de-alarcon\/\",\"name\":\"Buenache de Alarc\u00f3n - ITV agricola\",\"isPartOf\":{\"@id\":\"http:\/\/www.itvagricola.es\/#website\"},\"primaryImageOfPage\":{\"@id\":\"http:\/\/www.itvagricola.es\/index.php\/2024\/07\/13\/buenache-de-alarcon\/#primaryimage\"},\"image\":{\"@id\":\"http:\/\/www.itvagricola.es\/index.php\/2024\/07\/13\/buenache-de-alarcon\/#primaryimage\"},\"thumbnailUrl\":\"http:\/\/www.itvagricola.es\/wp-content\/uploads\/2024\/07\/12_BuenacheDeAlarcon-1.jpg\",\"datePublished\":\"2024-07-13T19:56:33+00:00\",\"dateModified\":\"2024-07-16T16:07:40+00:00\",\"breadcrumb\":{\"@id\":\"http:\/\/www.itvagricola.es\/index.php\/2024\/07\/13\/buenache-de-alarcon\/#breadcrumb\"},\"inLanguage\":\"es\",\"potentialAction\":[{\"@type\":\"ReadAction\",\"target\":[\"http:\/\/www.itvagricola.es\/index.php\/2024\/07\/13\/buenache-de-alarcon\/\"]}]},{\"@type\":\"ImageObject\",\"inLanguage\":\"es\",\"@id\":\"http:\/\/www.itvagricola.es\/index.php\/2024\/07\/13\/buenache-de-alarcon\/#primaryimage\",\"url\":\"http:\/\/www.itvagricola.es\/wp-content\/uploads\/2024\/07\/12_BuenacheDeAlarcon-1.jpg\",\"contentUrl\":\"http:\/\/www.itvagricola.es\/wp-content\/uploads\/2024\/07\/12_BuenacheDeAlarcon-1.jpg\",\"width\":600,\"height\":684},{\"@type\":\"BreadcrumbList\",\"@id\":\"http:\/\/www.itvagricola.es\/index.php\/2024\/07\/13\/buenache-de-alarcon\/#breadcrumb\",\"itemListElement\":[{\"@type\":\"ListItem\",\"position\":1,\"name\":\"Portada\",\"item\":\"http:\/\/www.itvagricola.es\/\"},{\"@type\":\"ListItem\",\"position\":2,\"name\":\"Buenache de Alarc\u00f3n\"}]},{\"@type\":\"WebSite\",\"@id\":\"http:\/\/www.itvagricola.es\/#website\",\"url\":\"http:\/\/www.itvagricola.es\/\",\"name\":\"ITV agricola\",\"description\":\"ITEAF 1610: Castilla la Mancha, Arag\u00f3n, Madrid y Valencia.\",\"publisher\":{\"@id\":\"http:\/\/www.itvagricola.es\/#\/schema\/person\/dbad37a13afd623eb1a191ed7ca7de2f\"},\"potentialAction\":[{\"@type\":\"SearchAction\",\"target\":{\"@type\":\"EntryPoint\",\"urlTemplate\":\"http:\/\/www.itvagricola.es\/?s={search_term_string}\"},\"query-input\":{\"@type\":\"PropertyValueSpecification\",\"valueRequired\":true,\"valueName\":\"search_term_string\"}}],\"inLanguage\":\"es\"},{\"@type\":[\"Person\",\"Organization\"],\"@id\":\"http:\/\/www.itvagricola.es\/#\/schema\/person\/dbad37a13afd623eb1a191ed7ca7de2f\",\"name\":\"luisAntonio torres\",\"image\":{\"@type\":\"ImageObject\",\"inLanguage\":\"es\",\"@id\":\"http:\/\/www.itvagricola.es\/#\/schema\/person\/image\/\",\"url\":\"http:\/\/www.itvagricola.es\/wp-content\/uploads\/2023\/12\/cropped-logoITVagricola_01.jpg\",\"contentUrl\":\"http:\/\/www.itvagricola.es\/wp-content\/uploads\/2023\/12\/cropped-logoITVagricola_01.jpg\",\"width\":788,\"height\":315,\"caption\":\"luisAntonio torres\"},\"logo\":{\"@id\":\"http:\/\/www.itvagricola.es\/#\/schema\/person\/image\/\"},\"sameAs\":[\"https:\/\/www.itvagricola.es\/\",\"https:\/\/www.facebook.com\/profile.php?id=100067064354560&locale=es_ES\"],\"url\":\"http:\/\/www.itvagricola.es\/index.php\/author\/luisantonio2\/\"}]}<\/script>\n<!-- \/ Yoast SEO plugin. -->","yoast_head_json":{"title":"Buenache de Alarc\u00f3n - ITV agricola","robots":{"index":"index","follow":"follow","max-snippet":"max-snippet:-1","max-image-preview":"max-image-preview:large","max-video-preview":"max-video-preview:-1"},"canonical":"http:\/\/www.itvagricola.es\/index.php\/2024\/07\/13\/buenache-de-alarcon\/","og_locale":"es_ES","og_type":"article","og_title":"Buenache de Alarc\u00f3n - ITV agricola","og_description":"1 de Agosto de 2024 Inspecci\u00f3n ITEAF en Buenache de Alarc\u00f3n, el d\u00eda 1 de agosto de 2024. Reserva tu hora. SOLICITUD DE CITA PREVIA","og_url":"http:\/\/www.itvagricola.es\/index.php\/2024\/07\/13\/buenache-de-alarcon\/","og_site_name":"ITV agricola","article_publisher":"https:\/\/www.facebook.com\/profile.php?id=100067064354560&locale=es_ES","article_author":"https:\/\/www.facebook.com\/profile.php?id=100067064354560&locale=es_ES","article_published_time":"2024-07-13T19:56:33+00:00","article_modified_time":"2024-07-16T16:07:40+00:00","og_image":[{"width":600,"height":684,"url":"http:\/\/www.itvagricola.es\/wp-content\/uploads\/2024\/07\/12_BuenacheDeAlarcon-1.jpg","type":"image\/jpeg"}],"author":"luisAntonio torres","twitter_card":"summary_large_image","twitter_misc":{"Escrito por":"luisAntonio torres"},"schema":{"@context":"https:\/\/schema.org","@graph":[{"@type":"Article","@id":"http:\/\/www.itvagricola.es\/index.php\/2024\/07\/13\/buenache-de-alarcon\/#article","isPartOf":{"@id":"http:\/\/www.itvagricola.es\/index.php\/2024\/07\/13\/buenache-de-alarcon\/"},"author":{"name":"luisAntonio torres","@id":"http:\/\/www.itvagricola.es\/#\/schema\/person\/dbad37a13afd623eb1a191ed7ca7de2f"},"headline":"Buenache de Alarc\u00f3n","datePublished":"2024-07-13T19:56:33+00:00","dateModified":"2024-07-16T16:07:40+00:00","mainEntityOfPage":{"@id":"http:\/\/www.itvagricola.es\/index.php\/2024\/07\/13\/buenache-de-alarcon\/"},"wordCount":28,"commentCount":0,"publisher":{"@id":"http:\/\/www.itvagricola.es\/#\/schema\/person\/dbad37a13afd623eb1a191ed7ca7de2f"},"image":{"@id":"http:\/\/www.itvagricola.es\/index.php\/2024\/07\/13\/buenache-de-alarcon\/#primaryimage"},"thumbnailUrl":"http:\/\/www.itvagricola.es\/wp-content\/uploads\/2024\/07\/12_BuenacheDeAlarcon-1.jpg","inLanguage":"es","potentialAction":[{"@type":"CommentAction","name":"Comment","target":["http:\/\/www.itvagricola.es\/index.php\/2024\/07\/13\/buenache-de-alarcon\/#respond"]}]},{"@type":"WebPage","@id":"http:\/\/www.itvagricola.es\/index.php\/2024\/07\/13\/buenache-de-alarcon\/","url":"http:\/\/www.itvagricola.es\/index.php\/2024\/07\/13\/buenache-de-alarcon\/","name":"Buenache de Alarc\u00f3n - ITV agricola","isPartOf":{"@id":"http:\/\/www.itvagricola.es\/#website"},"primaryImageOfPage":{"@id":"http:\/\/www.itvagricola.es\/index.php\/2024\/07\/13\/buenache-de-alarcon\/#primaryimage"},"image":{"@id":"http:\/\/www.itvagricola.es\/index.php\/2024\/07\/13\/buenache-de-alarcon\/#primaryimage"},"thumbnailUrl":"http:\/\/www.itvagricola.es\/wp-content\/uploads\/2024\/07\/12_BuenacheDeAlarcon-1.jpg","datePublished":"2024-07-13T19:56:33+00:00","dateModified":"2024-07-16T16:07:40+00:00","breadcrumb":{"@id":"http:\/\/www.itvagricola.es\/index.php\/2024\/07\/13\/buenache-de-alarcon\/#breadcrumb"},"inLanguage":"es","potentialAction":[{"@type":"ReadAction","target":["http:\/\/www.itvagricola.es\/index.php\/2024\/07\/13\/buenache-de-alarcon\/"]}]},{"@type":"ImageObject","inLanguage":"es","@id":"http:\/\/www.itvagricola.es\/index.php\/2024\/07\/13\/buenache-de-alarcon\/#primaryimage","url":"http:\/\/www.itvagricola.es\/wp-content\/uploads\/2024\/07\/12_BuenacheDeAlarcon-1.jpg","contentUrl":"http:\/\/www.itvagricola.es\/wp-content\/uploads\/2024\/07\/12_BuenacheDeAlarcon-1.jpg","width":600,"height":684},{"@type":"BreadcrumbList","@id":"http:\/\/www.itvagricola.es\/index.php\/2024\/07\/13\/buenache-de-alarcon\/#breadcrumb","itemListElement":[{"@type":"ListItem","position":1,"name":"Portada","item":"http:\/\/www.itvagricola.es\/"},{"@type":"ListItem","position":2,"name":"Buenache de Alarc\u00f3n"}]},{"@type":"WebSite","@id":"http:\/\/www.itvagricola.es\/#website","url":"http:\/\/www.itvagricola.es\/","name":"ITV agricola","description":"ITEAF 1610: Castilla la Mancha, Arag\u00f3n, Madrid y Valencia.","publisher":{"@id":"http:\/\/www.itvagricola.es\/#\/schema\/person\/dbad37a13afd623eb1a191ed7ca7de2f"},"potentialAction":[{"@type":"SearchAction","target":{"@type":"EntryPoint","urlTemplate":"http:\/\/www.itvagricola.es\/?s={search_term_string}"},"query-input":{"@type":"PropertyValueSpecification","valueRequired":true,"valueName":"search_term_string"}}],"inLanguage":"es"},{"@type":["Person","Organization"],"@id":"http:\/\/www.itvagricola.es\/#\/schema\/person\/dbad37a13afd623eb1a191ed7ca7de2f","name":"luisAntonio torres","image":{"@type":"ImageObject","inLanguage":"es","@id":"http:\/\/www.itvagricola.es\/#\/schema\/person\/image\/","url":"http:\/\/www.itvagricola.es\/wp-content\/uploads\/2023\/12\/cropped-logoITVagricola_01.jpg","contentUrl":"http:\/\/www.itvagricola.es\/wp-content\/uploads\/2023\/12\/cropped-logoITVagricola_01.jpg","width":788,"height":315,"caption":"luisAntonio torres"},"logo":{"@id":"http:\/\/www.itvagricola.es\/#\/schema\/person\/image\/"},"sameAs":["https:\/\/www.itvagricola.es\/","https:\/\/www.facebook.com\/profile.php?id=100067064354560&locale=es_ES"],"url":"http:\/\/www.itvagricola.es\/index.php\/author\/luisantonio2\/"}]}},"_links":{"self":[{"href":"http:\/\/www.itvagricola.es\/index.php\/wp-json\/wp\/v2\/posts\/485","targetHints":{"allow":["GET"]}}],"collection":[{"href":"http:\/\/www.itvagricola.es\/index.php\/wp-json\/wp\/v2\/posts"}],"about":[{"href":"http:\/\/www.itvagricola.es\/index.php\/wp-json\/wp\/v2\/types\/post"}],"author":[{"embeddable":true,"href":"http:\/\/www.itvagricola.es\/index.php\/wp-json\/wp\/v2\/users\/2"}],"replies":[{"embeddable":true,"href":"http:\/\/www.itvagricola.es\/index.php\/wp-json\/wp\/v2\/comments?post=485"}],"version-history":[{"count":0,"href":"http:\/\/www.itvagricola.es\/index.php\/wp-json\/wp\/v2\/posts\/485\/revisions"}],"wp:featuredmedia":[{"embeddable":true,"href":"http:\/\/www.itvagricola.es\/index.php\/wp-json\/wp\/v2\/media\/490"}],"wp:attachment":[{"href":"http:\/\/www.itvagricola.es\/index.php\/wp-json\/wp\/v2\/media?parent=485"}],"wp:term":[{"taxonomy":"category","embeddable":true,"href":"http:\/\/www.itvagricola.es\/index.php\/wp-json\/wp\/v2\/categories?post=485"},{"taxonomy":"post_tag","embeddable":true,"href":"http:\/\/www.itvagricola.es\/index.php\/wp-json\/wp\/v2\/tags?post=485"}],"curies":[{"name":"wp","href":"https:\/\/api.w.org\/{rel}","templated":true}]}}