{"id":524,"date":"2024-08-28T15:52:34","date_gmt":"2024-08-28T15:52:34","guid":{"rendered":"https:\/\/www.itvagricola.es\/?p=524"},"modified":"2024-08-28T15:52:37","modified_gmt":"2024-08-28T15:52:37","slug":"mohorte","status":"publish","type":"post","link":"http:\/\/www.itvagricola.es\/index.php\/2024\/08\/28\/mohorte\/","title":{"rendered":"Mohorte"},"content":{"rendered":"\n<p>30 de Agosto de 2024<\/p>\n\n\n\n<figure class=\"wp-block-image size-full\"><img loading=\"lazy\" decoding=\"async\" width=\"800\" height=\"912\" src=\"http:\/\/www.itvagricola.es\/wp-content\/uploads\/2024\/08\/18_Mohorte.jpg\" alt=\"\" class=\"wp-image-525\" srcset=\"http:\/\/www.itvagricola.es\/wp-content\/uploads\/2024\/08\/18_Mohorte.jpg 800w, http:\/\/www.itvagricola.es\/wp-content\/uploads\/2024\/08\/18_Mohorte-263x300.jpg 263w, http:\/\/www.itvagricola.es\/wp-content\/uploads\/2024\/08\/18_Mohorte-768x876.jpg 768w\" sizes=\"auto, (max-width: 800px) 100vw, 800px\" \/><\/figure>\n\n\n\n<p>Inspecci\u00f3n ITEAF en Mohorte, el d\u00eda 30 de Agosto de 2024.<\/p>\n\n\n\n<p><strong>Reserva tu hora.<\/strong><\/p>\n\n\n\n<p>S<a href=\"http:\/\/www.itvagricola.es\/index.php\/2024\/07\/16\/villaconejos-de-trabaque\/\" target=\"_blank\" rel=\"noreferrer noopener\">OLICITUD DE CITA PREVIA<\/a><\/p>\n","protected":false},"excerpt":{"rendered":"<p>30 de Agosto de 2024 Inspecci\u00f3n ITEAF en Mohorte, el d\u00eda 30 de Agosto de 2024. Reserva tu hora. SOLICITUD DE CITA PREVIA<\/p>\n","protected":false},"author":2,"featured_media":0,"comment_status":"open","ping_status":"open","sticky":false,"template":"","format":"standard","meta":{"footnotes":""},"categories":[1],"tags":[8,9],"class_list":{"0":"post-524","1":"post","2":"type-post","3":"status-publish","4":"format-standard","6":"category-sin-categoria","7":"tag-iteaf","8":"tag-mohorte","9":"czr-hentry"},"yoast_head":"<!-- This site is optimized with the Yoast SEO plugin v26.6 - https:\/\/yoast.com\/wordpress\/plugins\/seo\/ -->\n<title>\u00a0Inspecci\u00f3n ITEAF en Mohorte<\/title>\n<meta name=\"description\" content=\"\u00a0Inspecci\u00f3n ITEAF en Mohorte el d\u00eda 29 de Agosto de 2024. Reserva tu hora. SOLICITUD DE CITA PREVIA\" \/>\n<meta name=\"robots\" content=\"index, follow, max-snippet:-1, max-image-preview:large, max-video-preview:-1\" \/>\n<link rel=\"canonical\" href=\"http:\/\/www.itvagricola.es\/index.php\/2024\/08\/28\/mohorte\/\" \/>\n<meta property=\"og:locale\" content=\"es_ES\" \/>\n<meta property=\"og:type\" content=\"article\" \/>\n<meta property=\"og:title\" content=\"\u00a0Inspecci\u00f3n ITEAF en Mohorte\" \/>\n<meta property=\"og:description\" content=\"Inspecci\u00f3n ITEAF en Mohorteel d\u00eda 29 de Agosto de 2024. Reserva tu hora. SOLICITUD DE CITA PREVIA\" \/>\n<meta property=\"og:url\" content=\"http:\/\/www.itvagricola.es\/index.php\/2024\/08\/28\/mohorte\/\" \/>\n<meta property=\"og:site_name\" content=\"ITV agricola\" \/>\n<meta property=\"article:publisher\" content=\"https:\/\/www.facebook.com\/profile.php?id=100067064354560&amp;locale=es_ES\" \/>\n<meta property=\"article:author\" content=\"https:\/\/www.facebook.com\/profile.php?id=100067064354560&amp;locale=es_ES\" \/>\n<meta property=\"article:published_time\" content=\"2024-08-28T15:52:34+00:00\" \/>\n<meta property=\"article:modified_time\" content=\"2024-08-28T15:52:37+00:00\" \/>\n<meta property=\"og:image\" content=\"http:\/\/www.itvagricola.es\/wp-content\/uploads\/2024\/08\/18_Mohorte.jpg\" \/>\n\t<meta property=\"og:image:width\" content=\"800\" \/>\n\t<meta property=\"og:image:height\" content=\"912\" \/>\n\t<meta property=\"og:image:type\" content=\"image\/jpeg\" \/>\n<meta name=\"author\" content=\"luisAntonio torres\" \/>\n<meta name=\"twitter:card\" content=\"summary_large_image\" \/>\n<meta name=\"twitter:label1\" content=\"Escrito por\" \/>\n\t<meta name=\"twitter:data1\" content=\"luisAntonio torres\" \/>\n\t<meta name=\"twitter:label2\" content=\"Tiempo de lectura\" \/>\n\t<meta name=\"twitter:data2\" content=\"1 minuto\" \/>\n<script type=\"application\/ld+json\" class=\"yoast-schema-graph\">{\"@context\":\"https:\/\/schema.org\",\"@graph\":[{\"@type\":\"Article\",\"@id\":\"http:\/\/www.itvagricola.es\/index.php\/2024\/08\/28\/mohorte\/#article\",\"isPartOf\":{\"@id\":\"http:\/\/www.itvagricola.es\/index.php\/2024\/08\/28\/mohorte\/\"},\"author\":{\"name\":\"luisAntonio torres\",\"@id\":\"https:\/\/www.itvagricola.es\/#\/schema\/person\/dbad37a13afd623eb1a191ed7ca7de2f\"},\"headline\":\"Mohorte\",\"datePublished\":\"2024-08-28T15:52:34+00:00\",\"dateModified\":\"2024-08-28T15:52:37+00:00\",\"mainEntityOfPage\":{\"@id\":\"http:\/\/www.itvagricola.es\/index.php\/2024\/08\/28\/mohorte\/\"},\"wordCount\":22,\"commentCount\":0,\"publisher\":{\"@id\":\"https:\/\/www.itvagricola.es\/#\/schema\/person\/dbad37a13afd623eb1a191ed7ca7de2f\"},\"image\":{\"@id\":\"http:\/\/www.itvagricola.es\/index.php\/2024\/08\/28\/mohorte\/#primaryimage\"},\"thumbnailUrl\":\"http:\/\/www.itvagricola.es\/wp-content\/uploads\/2024\/08\/18_Mohorte.jpg\",\"keywords\":[\"ITEAF\",\"Mohorte\"],\"inLanguage\":\"es\",\"potentialAction\":[{\"@type\":\"CommentAction\",\"name\":\"Comment\",\"target\":[\"http:\/\/www.itvagricola.es\/index.php\/2024\/08\/28\/mohorte\/#respond\"]}]},{\"@type\":\"WebPage\",\"@id\":\"http:\/\/www.itvagricola.es\/index.php\/2024\/08\/28\/mohorte\/\",\"url\":\"http:\/\/www.itvagricola.es\/index.php\/2024\/08\/28\/mohorte\/\",\"name\":\"\u00a0Inspecci\u00f3n ITEAF en Mohorte\",\"isPartOf\":{\"@id\":\"https:\/\/www.itvagricola.es\/#website\"},\"primaryImageOfPage\":{\"@id\":\"http:\/\/www.itvagricola.es\/index.php\/2024\/08\/28\/mohorte\/#primaryimage\"},\"image\":{\"@id\":\"http:\/\/www.itvagricola.es\/index.php\/2024\/08\/28\/mohorte\/#primaryimage\"},\"thumbnailUrl\":\"http:\/\/www.itvagricola.es\/wp-content\/uploads\/2024\/08\/18_Mohorte.jpg\",\"datePublished\":\"2024-08-28T15:52:34+00:00\",\"dateModified\":\"2024-08-28T15:52:37+00:00\",\"description\":\"\u00a0Inspecci\u00f3n ITEAF en Mohorte el d\u00eda 29 de Agosto de 2024. Reserva tu hora. SOLICITUD DE CITA PREVIA\",\"breadcrumb\":{\"@id\":\"http:\/\/www.itvagricola.es\/index.php\/2024\/08\/28\/mohorte\/#breadcrumb\"},\"inLanguage\":\"es\",\"potentialAction\":[{\"@type\":\"ReadAction\",\"target\":[\"http:\/\/www.itvagricola.es\/index.php\/2024\/08\/28\/mohorte\/\"]}]},{\"@type\":\"ImageObject\",\"inLanguage\":\"es\",\"@id\":\"http:\/\/www.itvagricola.es\/index.php\/2024\/08\/28\/mohorte\/#primaryimage\",\"url\":\"http:\/\/www.itvagricola.es\/wp-content\/uploads\/2024\/08\/18_Mohorte.jpg\",\"contentUrl\":\"http:\/\/www.itvagricola.es\/wp-content\/uploads\/2024\/08\/18_Mohorte.jpg\",\"width\":800,\"height\":912},{\"@type\":\"BreadcrumbList\",\"@id\":\"http:\/\/www.itvagricola.es\/index.php\/2024\/08\/28\/mohorte\/#breadcrumb\",\"itemListElement\":[{\"@type\":\"ListItem\",\"position\":1,\"name\":\"Portada\",\"item\":\"https:\/\/www.itvagricola.es\/\"},{\"@type\":\"ListItem\",\"position\":2,\"name\":\"Mohorte\"}]},{\"@type\":\"WebSite\",\"@id\":\"https:\/\/www.itvagricola.es\/#website\",\"url\":\"https:\/\/www.itvagricola.es\/\",\"name\":\"ITV agricola\",\"description\":\"ITEAF 1610: Castilla la Mancha, Arag\u00f3n, Madrid y Valencia.\",\"publisher\":{\"@id\":\"https:\/\/www.itvagricola.es\/#\/schema\/person\/dbad37a13afd623eb1a191ed7ca7de2f\"},\"potentialAction\":[{\"@type\":\"SearchAction\",\"target\":{\"@type\":\"EntryPoint\",\"urlTemplate\":\"https:\/\/www.itvagricola.es\/?s={search_term_string}\"},\"query-input\":{\"@type\":\"PropertyValueSpecification\",\"valueRequired\":true,\"valueName\":\"search_term_string\"}}],\"inLanguage\":\"es\"},{\"@type\":[\"Person\",\"Organization\"],\"@id\":\"https:\/\/www.itvagricola.es\/#\/schema\/person\/dbad37a13afd623eb1a191ed7ca7de2f\",\"name\":\"luisAntonio torres\",\"image\":{\"@type\":\"ImageObject\",\"inLanguage\":\"es\",\"@id\":\"https:\/\/www.itvagricola.es\/#\/schema\/person\/image\/\",\"url\":\"http:\/\/www.itvagricola.es\/wp-content\/uploads\/2023\/12\/cropped-logoITVagricola_01.jpg\",\"contentUrl\":\"http:\/\/www.itvagricola.es\/wp-content\/uploads\/2023\/12\/cropped-logoITVagricola_01.jpg\",\"width\":788,\"height\":315,\"caption\":\"luisAntonio torres\"},\"logo\":{\"@id\":\"https:\/\/www.itvagricola.es\/#\/schema\/person\/image\/\"},\"sameAs\":[\"https:\/\/www.itvagricola.es\/\",\"https:\/\/www.facebook.com\/profile.php?id=100067064354560&locale=es_ES\"],\"url\":\"http:\/\/www.itvagricola.es\/index.php\/author\/luisantonio2\/\"}]}<\/script>\n<!-- \/ Yoast SEO plugin. -->","yoast_head_json":{"title":"\u00a0Inspecci\u00f3n ITEAF en Mohorte","description":"\u00a0Inspecci\u00f3n ITEAF en Mohorte el d\u00eda 29 de Agosto de 2024. Reserva tu hora. SOLICITUD DE CITA PREVIA","robots":{"index":"index","follow":"follow","max-snippet":"max-snippet:-1","max-image-preview":"max-image-preview:large","max-video-preview":"max-video-preview:-1"},"canonical":"http:\/\/www.itvagricola.es\/index.php\/2024\/08\/28\/mohorte\/","og_locale":"es_ES","og_type":"article","og_title":"\u00a0Inspecci\u00f3n ITEAF en Mohorte","og_description":"Inspecci\u00f3n ITEAF en Mohorteel d\u00eda 29 de Agosto de 2024. Reserva tu hora. SOLICITUD DE CITA PREVIA","og_url":"http:\/\/www.itvagricola.es\/index.php\/2024\/08\/28\/mohorte\/","og_site_name":"ITV agricola","article_publisher":"https:\/\/www.facebook.com\/profile.php?id=100067064354560&locale=es_ES","article_author":"https:\/\/www.facebook.com\/profile.php?id=100067064354560&locale=es_ES","article_published_time":"2024-08-28T15:52:34+00:00","article_modified_time":"2024-08-28T15:52:37+00:00","og_image":[{"width":800,"height":912,"url":"http:\/\/www.itvagricola.es\/wp-content\/uploads\/2024\/08\/18_Mohorte.jpg","type":"image\/jpeg"}],"author":"luisAntonio torres","twitter_card":"summary_large_image","twitter_misc":{"Escrito por":"luisAntonio torres","Tiempo de lectura":"1 minuto"},"schema":{"@context":"https:\/\/schema.org","@graph":[{"@type":"Article","@id":"http:\/\/www.itvagricola.es\/index.php\/2024\/08\/28\/mohorte\/#article","isPartOf":{"@id":"http:\/\/www.itvagricola.es\/index.php\/2024\/08\/28\/mohorte\/"},"author":{"name":"luisAntonio torres","@id":"https:\/\/www.itvagricola.es\/#\/schema\/person\/dbad37a13afd623eb1a191ed7ca7de2f"},"headline":"Mohorte","datePublished":"2024-08-28T15:52:34+00:00","dateModified":"2024-08-28T15:52:37+00:00","mainEntityOfPage":{"@id":"http:\/\/www.itvagricola.es\/index.php\/2024\/08\/28\/mohorte\/"},"wordCount":22,"commentCount":0,"publisher":{"@id":"https:\/\/www.itvagricola.es\/#\/schema\/person\/dbad37a13afd623eb1a191ed7ca7de2f"},"image":{"@id":"http:\/\/www.itvagricola.es\/index.php\/2024\/08\/28\/mohorte\/#primaryimage"},"thumbnailUrl":"http:\/\/www.itvagricola.es\/wp-content\/uploads\/2024\/08\/18_Mohorte.jpg","keywords":["ITEAF","Mohorte"],"inLanguage":"es","potentialAction":[{"@type":"CommentAction","name":"Comment","target":["http:\/\/www.itvagricola.es\/index.php\/2024\/08\/28\/mohorte\/#respond"]}]},{"@type":"WebPage","@id":"http:\/\/www.itvagricola.es\/index.php\/2024\/08\/28\/mohorte\/","url":"http:\/\/www.itvagricola.es\/index.php\/2024\/08\/28\/mohorte\/","name":"\u00a0Inspecci\u00f3n ITEAF en Mohorte","isPartOf":{"@id":"https:\/\/www.itvagricola.es\/#website"},"primaryImageOfPage":{"@id":"http:\/\/www.itvagricola.es\/index.php\/2024\/08\/28\/mohorte\/#primaryimage"},"image":{"@id":"http:\/\/www.itvagricola.es\/index.php\/2024\/08\/28\/mohorte\/#primaryimage"},"thumbnailUrl":"http:\/\/www.itvagricola.es\/wp-content\/uploads\/2024\/08\/18_Mohorte.jpg","datePublished":"2024-08-28T15:52:34+00:00","dateModified":"2024-08-28T15:52:37+00:00","description":"\u00a0Inspecci\u00f3n ITEAF en Mohorte el d\u00eda 29 de Agosto de 2024. Reserva tu hora. SOLICITUD DE CITA PREVIA","breadcrumb":{"@id":"http:\/\/www.itvagricola.es\/index.php\/2024\/08\/28\/mohorte\/#breadcrumb"},"inLanguage":"es","potentialAction":[{"@type":"ReadAction","target":["http:\/\/www.itvagricola.es\/index.php\/2024\/08\/28\/mohorte\/"]}]},{"@type":"ImageObject","inLanguage":"es","@id":"http:\/\/www.itvagricola.es\/index.php\/2024\/08\/28\/mohorte\/#primaryimage","url":"http:\/\/www.itvagricola.es\/wp-content\/uploads\/2024\/08\/18_Mohorte.jpg","contentUrl":"http:\/\/www.itvagricola.es\/wp-content\/uploads\/2024\/08\/18_Mohorte.jpg","width":800,"height":912},{"@type":"BreadcrumbList","@id":"http:\/\/www.itvagricola.es\/index.php\/2024\/08\/28\/mohorte\/#breadcrumb","itemListElement":[{"@type":"ListItem","position":1,"name":"Portada","item":"https:\/\/www.itvagricola.es\/"},{"@type":"ListItem","position":2,"name":"Mohorte"}]},{"@type":"WebSite","@id":"https:\/\/www.itvagricola.es\/#website","url":"https:\/\/www.itvagricola.es\/","name":"ITV agricola","description":"ITEAF 1610: Castilla la Mancha, Arag\u00f3n, Madrid y Valencia.","publisher":{"@id":"https:\/\/www.itvagricola.es\/#\/schema\/person\/dbad37a13afd623eb1a191ed7ca7de2f"},"potentialAction":[{"@type":"SearchAction","target":{"@type":"EntryPoint","urlTemplate":"https:\/\/www.itvagricola.es\/?s={search_term_string}"},"query-input":{"@type":"PropertyValueSpecification","valueRequired":true,"valueName":"search_term_string"}}],"inLanguage":"es"},{"@type":["Person","Organization"],"@id":"https:\/\/www.itvagricola.es\/#\/schema\/person\/dbad37a13afd623eb1a191ed7ca7de2f","name":"luisAntonio torres","image":{"@type":"ImageObject","inLanguage":"es","@id":"https:\/\/www.itvagricola.es\/#\/schema\/person\/image\/","url":"http:\/\/www.itvagricola.es\/wp-content\/uploads\/2023\/12\/cropped-logoITVagricola_01.jpg","contentUrl":"http:\/\/www.itvagricola.es\/wp-content\/uploads\/2023\/12\/cropped-logoITVagricola_01.jpg","width":788,"height":315,"caption":"luisAntonio torres"},"logo":{"@id":"https:\/\/www.itvagricola.es\/#\/schema\/person\/image\/"},"sameAs":["https:\/\/www.itvagricola.es\/","https:\/\/www.facebook.com\/profile.php?id=100067064354560&locale=es_ES"],"url":"http:\/\/www.itvagricola.es\/index.php\/author\/luisantonio2\/"}]}},"_links":{"self":[{"href":"http:\/\/www.itvagricola.es\/index.php\/wp-json\/wp\/v2\/posts\/524","targetHints":{"allow":["GET"]}}],"collection":[{"href":"http:\/\/www.itvagricola.es\/index.php\/wp-json\/wp\/v2\/posts"}],"about":[{"href":"http:\/\/www.itvagricola.es\/index.php\/wp-json\/wp\/v2\/types\/post"}],"author":[{"embeddable":true,"href":"http:\/\/www.itvagricola.es\/index.php\/wp-json\/wp\/v2\/users\/2"}],"replies":[{"embeddable":true,"href":"http:\/\/www.itvagricola.es\/index.php\/wp-json\/wp\/v2\/comments?post=524"}],"version-history":[{"count":1,"href":"http:\/\/www.itvagricola.es\/index.php\/wp-json\/wp\/v2\/posts\/524\/revisions"}],"predecessor-version":[{"id":526,"href":"http:\/\/www.itvagricola.es\/index.php\/wp-json\/wp\/v2\/posts\/524\/revisions\/526"}],"wp:attachment":[{"href":"http:\/\/www.itvagricola.es\/index.php\/wp-json\/wp\/v2\/media?parent=524"}],"wp:term":[{"taxonomy":"category","embeddable":true,"href":"http:\/\/www.itvagricola.es\/index.php\/wp-json\/wp\/v2\/categories?post=524"},{"taxonomy":"post_tag","embeddable":true,"href":"http:\/\/www.itvagricola.es\/index.php\/wp-json\/wp\/v2\/tags?post=524"}],"curies":[{"name":"wp","href":"https:\/\/api.w.org\/{rel}","templated":true}]}}